{"id":250308,"date":"2025-04-17T10:30:11","date_gmt":"2025-04-17T08:30:11","guid":{"rendered":"https:\/\/lespapillonsblancs.fr\/?p=250308"},"modified":"2025-04-17T10:36:44","modified_gmt":"2025-04-17T08:36:44","slug":"250308","status":"publish","type":"post","link":"https:\/\/lespapillonsblancs.fr\/index.php\/2025\/04\/17\/250308\/","title":{"rendered":""},"content":{"rendered":"\n[et_pb_section fb_built=\u00a0\u00bb1&Prime; theme_builder_area=\u00a0\u00bbpost_content\u00a0\u00bb _builder_version=\u00a0\u00bb4.23.1&Prime; _module_preset=\u00a0\u00bbdefault\u00a0\u00bb][et_pb_row _builder_version=\u00a0\u00bb4.23.1&Prime; _module_preset=\u00a0\u00bbdefault\u00a0\u00bb theme_builder_area=\u00a0\u00bbpost_content\u00a0\u00bb][et_pb_column _builder_version=\u00a0\u00bb4.23.1&Prime; _module_preset=\u00a0\u00bbdefault\u00a0\u00bb type=\u00a0\u00bb4_4&Prime; theme_builder_area=\u00a0\u00bbpost_content\u00a0\u00bb][et_pb_accordion _builder_version=\u00a0\u00bb4.23.1&Prime; _module_preset=\u00a0\u00bbdefault\u00a0\u00bb theme_builder_area=\u00a0\u00bbpost_content\u00a0\u00bb hover_enabled=\u00a0\u00bb0&Prime; sticky_enabled=\u00a0\u00bb0&Prime; admin_label=\u00a0\u00bbActualit\u00e9s\u00a0\u00bb][et_pb_accordion_item title=\u00a0\u00bbJ\u00e9r\u00e9my STRAVIUS, Champion Olympique, devient Parrain de l&rsquo;Association Sportive des Vall\u00e9es\u00a0\u00bb _builder_version=\u00a0\u00bb4.23.1&Prime; _module_preset=\u00a0\u00bbdefault\u00a0\u00bb theme_builder_area=\u00a0\u00bbpost_content\u00a0\u00bb link_option_url=\u00a0\u00bbhttps:\/\/actu.fr\/normandie\/foucarmont_76278\/un-champion-olympique-devient-parrain-aupres-de-personnes-en-situation-de-handicap-en-seine-maritime_62478338.html\u00a0\u00bb toggle_level=\u00a0\u00bbh1&Prime; hover_enabled=\u00a0\u00bb0&Prime; sticky_enabled=\u00a0\u00bb0&Prime; open=\u00a0\u00bboff\u00a0\u00bb]<p class=\" wall-content\"><b><span>Par\u00a0<\/span><strong><a href=\"https:\/\/actu.fr\/auteur\/sebastien-aliome\" title=\"Consulter tous les articles de S\u00e9bastien Aliome\">S\u00e9bastien Aliome <\/a><\/strong><\/b><\/p>\n<p class=\" wall-content\"><b><span><\/span><span>Publi\u00e9 le\u00a0<time datetime=\"2025-04-16T07:14:01+02:00\">16 avr. 2025 \u00e0 7h14<\/time><\/span><\/b><\/p>\n<p class=\" wall-content\"><b><\/b><\/p>\n<p class=\" wall-content\"><b>J\u00e9r\u00e9my Stravius<\/b>, n\u00e9 \u00e0 Abbeville, a particip\u00e9 \u00e0 la r\u00e9union apr\u00e8s avoir accept\u00e9 de devenir parrain de l\u2019association. \u00ab Cela est parti d\u2019une rencontre et tout a \u00e9t\u00e9 tr\u00e8s vite. Pour moi, c\u2019est important de soutenir le sport et le handicap. Durant ma carri\u00e8re de nageur, j\u2019ai c\u00f4toy\u00e9 des sportifs en situation de handicap comme Th\u00e9o Curin par exemple \u00bb confie J\u00e9r\u00e9my Stravius.<\/p>\n<p class=\" wall-content\">Et ce r\u00f4le de parrain, il le prend tr\u00e8s au s\u00e9rieux.<\/p>\n<blockquote class=\"ac-article-quote wall-content\">\n<p><strong>Mon souhait est bien s\u00fbr de parler de l\u2019association, de la soutenir, d\u2019aider pour l\u2019organisation d\u2019\u00e9v\u00e9nements et d\u2019\u00eatre pr\u00e9sent plusieurs fois dans l\u2019ann\u00e9e.<\/strong><\/p>\n<\/blockquote>\n<p class=\" wall-content\">Consulter l&rsquo;article dans son int\u00e9gralit\u00e9 : <span style=\"color: #3366ff;\"><em><span style=\"text-decoration: underline;\">https:\/\/actu.fr\/normandie\/foucarmont_76278\/un-champion-olympique-devient-parrain-aupres-de-personnes-en-situation-de-handicap-en-seine-maritime_62478338.html<\/span><\/em><\/span><\/p>[\/et_pb_accordion_item][\/et_pb_accordion][\/et_pb_column][\/et_pb_row][et_pb_row _builder_version=\u00a0\u00bb4.23.1&Prime; _module_preset=\u00a0\u00bbdefault\u00a0\u00bb theme_builder_area=\u00a0\u00bbpost_content\u00a0\u00bb][et_pb_column _builder_version=\u00a0\u00bb4.23.1&Prime; _module_preset=\u00a0\u00bbdefault\u00a0\u00bb type=\u00a0\u00bb4_4&Prime; theme_builder_area=\u00a0\u00bbpost_content\u00a0\u00bb][et_pb_sidebar _builder_version=\u00a0\u00bb4.23.1&Prime; _module_preset=\u00a0\u00bbdefault\u00a0\u00bb theme_builder_area=\u00a0\u00bbpost_content\u00a0\u00bb hover_enabled=\u00a0\u00bb0&Prime; sticky_enabled=\u00a0\u00bb0&Prime;][\/et_pb_sidebar][\/et_pb_column][\/et_pb_row][\/et_pb_section]\n","protected":false},"excerpt":{"rendered":"<p>Un Champion Olympique parrain de l&rsquo;ASDV<\/p>\n","protected":false},"author":1,"featured_media":250317,"comment_status":"closed","ping_status":"open","sticky":false,"template":"","format":"standard","meta":{"_et_pb_use_builder":"on","_et_pb_old_content":"","_et_gb_content_width":"","footnotes":""},"categories":[10,9],"tags":[],"class_list":["post-250308","post","type-post","status-publish","format-standard","has-post-thumbnail","hentry","category-actu","category-asdv"],"_links":{"self":[{"href":"https:\/\/lespapillonsblancs.fr\/index.php\/wp-json\/wp\/v2\/posts\/250308","targetHints":{"allow":["GET"]}}],"collection":[{"href":"https:\/\/lespapillonsblancs.fr\/index.php\/wp-json\/wp\/v2\/posts"}],"about":[{"href":"https:\/\/lespapillonsblancs.fr\/index.php\/wp-json\/wp\/v2\/types\/post"}],"author":[{"embeddable":true,"href":"https:\/\/lespapillonsblancs.fr\/index.php\/wp-json\/wp\/v2\/users\/1"}],"replies":[{"embeddable":true,"href":"https:\/\/lespapillonsblancs.fr\/index.php\/wp-json\/wp\/v2\/comments?post=250308"}],"version-history":[{"count":4,"href":"https:\/\/lespapillonsblancs.fr\/index.php\/wp-json\/wp\/v2\/posts\/250308\/revisions"}],"predecessor-version":[{"id":250319,"href":"https:\/\/lespapillonsblancs.fr\/index.php\/wp-json\/wp\/v2\/posts\/250308\/revisions\/250319"}],"wp:featuredmedia":[{"embeddable":true,"href":"https:\/\/lespapillonsblancs.fr\/index.php\/wp-json\/wp\/v2\/media\/250317"}],"wp:attachment":[{"href":"https:\/\/lespapillonsblancs.fr\/index.php\/wp-json\/wp\/v2\/media?parent=250308"}],"wp:term":[{"taxonomy":"category","embeddable":true,"href":"https:\/\/lespapillonsblancs.fr\/index.php\/wp-json\/wp\/v2\/categories?post=250308"},{"taxonomy":"post_tag","embeddable":true,"href":"https:\/\/lespapillonsblancs.fr\/index.php\/wp-json\/wp\/v2\/tags?post=250308"}],"curies":[{"name":"wp","href":"https:\/\/api.w.org\/{rel}","templated":true}]}}