{"id":144,"date":"2023-11-25T10:19:03","date_gmt":"2023-11-25T09:19:03","guid":{"rendered":"https:\/\/lespapillonsblancs.fr\/?p=144"},"modified":"2023-11-25T10:35:51","modified_gmt":"2023-11-25T09:35:51","slug":"grace-au-leve-cavalier-lequitation-est-accessible-a-tous-a-foucarmont","status":"publish","type":"post","link":"https:\/\/lespapillonsblancs.fr\/index.php\/2023\/11\/25\/grace-au-leve-cavalier-lequitation-est-accessible-a-tous-a-foucarmont\/","title":{"rendered":"Gr\u00e2ce au l\u00e8ve-cavalier, l&rsquo;\u00e9quitation est accessible \u00e0 tous \u00e0 Foucarmont"},"content":{"rendered":"<p>[et_pb_section fb_built=\u00a0\u00bb1&Prime; _builder_version=\u00a0\u00bb4.23.1&Prime; _module_preset=\u00a0\u00bbdefault\u00a0\u00bb custom_padding=\u00a0\u00bb0px|||||\u00a0\u00bb global_colors_info=\u00a0\u00bb{}\u00a0\u00bb][et_pb_row _builder_version=\u00a0\u00bb4.23.1&Prime; _module_preset=\u00a0\u00bbdefault\u00a0\u00bb global_colors_info=\u00a0\u00bb{}\u00a0\u00bb][et_pb_column type=\u00a0\u00bb4_4&Prime; _builder_version=\u00a0\u00bb4.23.1&Prime; _module_preset=\u00a0\u00bbdefault\u00a0\u00bb global_colors_info=\u00a0\u00bb{}\u00a0\u00bb][et_pb_blurb url=\u00a0\u00bbhttp:\/\/Voir%20l&rsquo;article%20sur%20le%20site%20du%20journal\u00a0\u00bb _builder_version=\u00a0\u00bb4.23.1&Prime; _module_preset=\u00a0\u00bbdefault\u00a0\u00bb link_option_url=\u00a0\u00bbhttps:\/\/actu.fr\/normandie\/foucarmont_76278\/grace-au-leve-cavalier-lequitation-est-accessible-a-tous-a-foucarmont_59006653.html\u00a0\u00bb global_colors_info=\u00a0\u00bb{}\u00a0\u00bb]<\/p>\n<p>Article de presse paru dans \u00ab\u00a0Le R\u00e9veil\u00a0\u00bb, \u00e9crit par \u00a0<strong><a href=\"https:\/\/actu.fr\/auteur\/sebastien-aliome\" title=\"Consulter tous les articles de S\u00e9bastien Aliome\" rel=\"nofollow\">S\u00e9bastien Aliome<\/a><\/strong> le 23 Avril 2023<\/p>\n<p>Voici un extrait:<\/p>\n<blockquote>\n<p>C&rsquo;\u00e9tait un \u00e9quipement tr\u00e8s attendu pour l&rsquo;atelier d&rsquo;\u00e9quitation adapt\u00e9e des Papillons blancs des vall\u00e9es de Foucarmont. Un l\u00e8ve-cavalier a pu \u00eatre achet\u00e9 ces derniers mois.<\/p>\n<p>Le l\u00e8ve-cavalier install\u00e9 derni\u00e8rement au sein des Papillons blancs de <a href=\"https:\/\/actu.fr\/normandie\/foucarmont_76278\">Foucarmont<\/a> <b>(Seine-Maritime)<\/b>a officiellement \u00e9t\u00e9 inaugur\u00e9 la semaine derni\u00e8re, avec en prime une d\u00e9monstration.<\/p>\n<p>Et c\u2019est Jordan Traulet qui s\u2019est pr\u00eat\u00e9 au jeu, lui qui n\u2019avait pas pu pratiquer depuis de nombreuses ann\u00e9es.<\/p>\n<\/blockquote>\n<p>Vous pouvez lire l&rsquo;int\u00e9gralit\u00e9 de l&rsquo;article a l&rsquo;adresse:\u00a0 <a href=\"https:\/\/actu.fr\/normandie\/foucarmont_76278\/grace-au-leve-cavalier-lequitation-est-accessible-a-tous-a-foucarmont_59006653.html\">https:\/\/actu.fr\/normandie\/foucarmont_76278\/grace-au-leve-cavalier-lequitation-est-accessible-a-tous-a-foucarmont_59006653.html<\/a><\/p>\n<p>&nbsp;<\/p>\n<p>&nbsp;<\/p>\n<p>&nbsp;<\/p>\n<p><span style=\"font-family: inherit; font-weight: normal; font-size: small;\"><b><\/b><\/span><\/p>\n<p>[\/et_pb_blurb][\/et_pb_column][\/et_pb_row][\/et_pb_section]<\/p>\n","protected":false},"excerpt":{"rendered":"<p>Article de presse paru dans \u00ab\u00a0Le R\u00e9veil\u00a0\u00bb, \u00e9crit par \u00a0S\u00e9bastien Aliome le 23 Avril 2023 Voici un extrait: C&rsquo;\u00e9tait un \u00e9quipement tr\u00e8s attendu pour l&rsquo;atelier d&rsquo;\u00e9quitation adapt\u00e9e des Papillons blancs des vall\u00e9es de Foucarmont. Un l\u00e8ve-cavalier a pu \u00eatre achet\u00e9 ces derniers mois. Le l\u00e8ve-cavalier install\u00e9 derni\u00e8rement au sein des Papillons blancs de Foucarmont (Seine-Maritime)a [&hellip;]<\/p>\n","protected":false},"author":2,"featured_media":150,"comment_status":"closed","ping_status":"open","sticky":false,"template":"","format":"standard","meta":{"_et_pb_use_builder":"on","_et_pb_old_content":"","_et_gb_content_width":"","footnotes":""},"categories":[10],"tags":[],"class_list":["post-144","post","type-post","status-publish","format-standard","has-post-thumbnail","hentry","category-actu"],"_links":{"self":[{"href":"https:\/\/lespapillonsblancs.fr\/index.php\/wp-json\/wp\/v2\/posts\/144","targetHints":{"allow":["GET"]}}],"collection":[{"href":"https:\/\/lespapillonsblancs.fr\/index.php\/wp-json\/wp\/v2\/posts"}],"about":[{"href":"https:\/\/lespapillonsblancs.fr\/index.php\/wp-json\/wp\/v2\/types\/post"}],"author":[{"embeddable":true,"href":"https:\/\/lespapillonsblancs.fr\/index.php\/wp-json\/wp\/v2\/users\/2"}],"replies":[{"embeddable":true,"href":"https:\/\/lespapillonsblancs.fr\/index.php\/wp-json\/wp\/v2\/comments?post=144"}],"version-history":[{"count":7,"href":"https:\/\/lespapillonsblancs.fr\/index.php\/wp-json\/wp\/v2\/posts\/144\/revisions"}],"predecessor-version":[{"id":157,"href":"https:\/\/lespapillonsblancs.fr\/index.php\/wp-json\/wp\/v2\/posts\/144\/revisions\/157"}],"wp:featuredmedia":[{"embeddable":true,"href":"https:\/\/lespapillonsblancs.fr\/index.php\/wp-json\/wp\/v2\/media\/150"}],"wp:attachment":[{"href":"https:\/\/lespapillonsblancs.fr\/index.php\/wp-json\/wp\/v2\/media?parent=144"}],"wp:term":[{"taxonomy":"category","embeddable":true,"href":"https:\/\/lespapillonsblancs.fr\/index.php\/wp-json\/wp\/v2\/categories?post=144"},{"taxonomy":"post_tag","embeddable":true,"href":"https:\/\/lespapillonsblancs.fr\/index.php\/wp-json\/wp\/v2\/tags?post=144"}],"curies":[{"name":"wp","href":"https:\/\/api.w.org\/{rel}","templated":true}]}}