{"id":106,"date":"2020-03-06T10:15:03","date_gmt":"2020-03-06T09:15:03","guid":{"rendered":"https:\/\/lespapillonsblancs.fr\/?p=106"},"modified":"2023-11-25T09:26:09","modified_gmt":"2023-11-25T08:26:09","slug":"championnats-departementaux-de-tennis-adapte","status":"publish","type":"post","link":"https:\/\/lespapillonsblancs.fr\/index.php\/2020\/03\/06\/championnats-departementaux-de-tennis-adapte\/","title":{"rendered":"Championnats d\u00e9partementaux de tennis adapt\u00e9"},"content":{"rendered":"\n[et_pb_section fb_built=\u00a0\u00bb1&Prime; theme_builder_area=\u00a0\u00bbpost_content\u00a0\u00bb _builder_version=\u00a0\u00bb4.23.1&Prime; _module_preset=\u00a0\u00bbdefault\u00a0\u00bb][et_pb_row _builder_version=\u00a0\u00bb4.23.1&Prime; _module_preset=\u00a0\u00bbdefault\u00a0\u00bb theme_builder_area=\u00a0\u00bbpost_content\u00a0\u00bb][et_pb_column _builder_version=\u00a0\u00bb4.23.1&Prime; _module_preset=\u00a0\u00bbdefault\u00a0\u00bb type=\u00a0\u00bb4_4&Prime; theme_builder_area=\u00a0\u00bbpost_content\u00a0\u00bb][et_pb_text _builder_version=\u00a0\u00bb4.23.1&Prime; _module_preset=\u00a0\u00bbdefault\u00a0\u00bb theme_builder_area=\u00a0\u00bbpost_content\u00a0\u00bb hover_enabled=\u00a0\u00bb0&Prime; sticky_enabled=\u00a0\u00bb0&Prime;]Mardi 3 mars, l&rsquo;ASDV a pris part aux championnats d\u00e9partementaux de tennis adapt\u00e9 organis\u00e9s au club TPCV \u00e0 Belleville-sur-Mer. Une comp\u00e9tition passionnante s&rsquo;est d\u00e9roul\u00e9e, rassemblant 25 participants qui se sont vaillamment battus pour d\u00e9crocher les pr\u00e9cieux titres de champions d\u00e9partementaux, qui ont finalement \u00e9t\u00e9 remport\u00e9s par Mickael, Ang\u00e9lique et Vincent. Nous souhaitons adresser nos sinc\u00e8res f\u00e9licitations et exprimer notre profonde gratitude envers les b\u00e9n\u00e9voles du TC Londini\u00e8res, le club TPCV et les stagiaires STAPS pour leur inestimable participation \u00e0 cet \u00e9v\u00e9nement.[\/et_pb_text][et_pb_gallery _builder_version=\u00a0\u00bb4.23.1&Prime; _module_preset=\u00a0\u00bbdefault\u00a0\u00bb theme_builder_area=\u00a0\u00bbpost_content\u00a0\u00bb gallery_ids=\u00a0\u00bb109,108&Prime; show_title_and_caption=\u00a0\u00bboff\u00a0\u00bb show_pagination=\u00a0\u00bboff\u00a0\u00bb hover_enabled=\u00a0\u00bb0&Prime; sticky_enabled=\u00a0\u00bb0&Prime;][\/et_pb_gallery][\/et_pb_column][\/et_pb_row][\/et_pb_section]\n","protected":false},"excerpt":{"rendered":"<p>Mardi 3 mars, l&rsquo;ASDV a pris part aux championnats d\u00e9partementaux de tennis adapt\u00e9 organis\u00e9s au club TPCV \u00e0 Belleville-sur-Mer. Une comp\u00e9tition passionnante s&rsquo;est d\u00e9roul\u00e9e, rassemblant 25 participants qui se sont vaillamment battus pour d\u00e9crocher les pr\u00e9cieux titres de champions d\u00e9partementaux, qui ont finalement \u00e9t\u00e9 remport\u00e9s par Mickael, Ang\u00e9lique et Vincent. Nous souhaitons adresser nos sinc\u00e8res [&hellip;]<\/p>\n","protected":false},"author":1,"featured_media":109,"comment_status":"closed","ping_status":"open","sticky":false,"template":"","format":"standard","meta":{"_et_pb_use_builder":"on","_et_pb_old_content":"","_et_gb_content_width":"","footnotes":""},"categories":[10,9],"tags":[],"class_list":["post-106","post","type-post","status-publish","format-standard","has-post-thumbnail","hentry","category-actu","category-asdv"],"_links":{"self":[{"href":"https:\/\/lespapillonsblancs.fr\/index.php\/wp-json\/wp\/v2\/posts\/106","targetHints":{"allow":["GET"]}}],"collection":[{"href":"https:\/\/lespapillonsblancs.fr\/index.php\/wp-json\/wp\/v2\/posts"}],"about":[{"href":"https:\/\/lespapillonsblancs.fr\/index.php\/wp-json\/wp\/v2\/types\/post"}],"author":[{"embeddable":true,"href":"https:\/\/lespapillonsblancs.fr\/index.php\/wp-json\/wp\/v2\/users\/1"}],"replies":[{"embeddable":true,"href":"https:\/\/lespapillonsblancs.fr\/index.php\/wp-json\/wp\/v2\/comments?post=106"}],"version-history":[{"count":4,"href":"https:\/\/lespapillonsblancs.fr\/index.php\/wp-json\/wp\/v2\/posts\/106\/revisions"}],"predecessor-version":[{"id":133,"href":"https:\/\/lespapillonsblancs.fr\/index.php\/wp-json\/wp\/v2\/posts\/106\/revisions\/133"}],"wp:featuredmedia":[{"embeddable":true,"href":"https:\/\/lespapillonsblancs.fr\/index.php\/wp-json\/wp\/v2\/media\/109"}],"wp:attachment":[{"href":"https:\/\/lespapillonsblancs.fr\/index.php\/wp-json\/wp\/v2\/media?parent=106"}],"wp:term":[{"taxonomy":"category","embeddable":true,"href":"https:\/\/lespapillonsblancs.fr\/index.php\/wp-json\/wp\/v2\/categories?post=106"},{"taxonomy":"post_tag","embeddable":true,"href":"https:\/\/lespapillonsblancs.fr\/index.php\/wp-json\/wp\/v2\/tags?post=106"}],"curies":[{"name":"wp","href":"https:\/\/api.w.org\/{rel}","templated":true}]}}